{"id":1683,"date":"2022-01-17T11:30:00","date_gmt":"2022-01-17T11:30:00","guid":{"rendered":"https:\/\/maikaionline.com\/blog\/?p=1683"},"modified":"2022-09-01T11:09:48","modified_gmt":"2022-09-01T11:09:48","slug":"que-te-dice-tu-cabello-segun-ayurveda","status":"publish","type":"post","link":"https:\/\/maikaionline.com\/blog\/es\/que-te-dice-tu-cabello-segun-ayurveda\/","title":{"rendered":"Qu\u00e9 te dice tu cabello seg\u00fan Ayurveda"},"content":{"rendered":"\r\n<p>Hay muchos tipos de cabello y todos queremos lo mejor para el nuestro. Despu\u00e9s de todo, el cabello es a menudo uno de los aspectos m\u00e1s destacados de la apariencia f\u00edsica de una persona, probablemente solo superado por la cara. Y dada la opci\u00f3n, \u00bfqui\u00e9n de nosotros no querr\u00eda un cabello sano y brillante para peinarlo como mejor nos parezca?<\/p>\r\n\r\n\r\n\r\n<p>Seg\u00fan el <strong>Ayurveda<\/strong>, la salud del cabello comienza con los alimentos que comemos y depende en gran medida de nuestra fuerza digestiva, al igual que la salud de todos los dem\u00e1s tejidos y sistemas.<\/p>\r\n\r\n\r\n\r\n<p>Dicho esto, nuestros cuerpos son muy inteligentes y sus sistemas exquisitamente interdependientes, por lo que nuestro cabello tambi\u00e9n puede verse afectado por desequilibrios fuera del tracto digestivo, vulnerabilidades personales y hereditarias \u00fanicas, as\u00ed como nuestros niveles de estr\u00e9s y la calidad general de nuestras vidas.\u00a0<\/p>\r\n\r\n\r\n\r\n<h2 class=\"wp-block-heading\">\u00bfQu\u00e9 te dice tu cabello?<\/h2>\r\n\r\n\r\n\r\n<p>Seg\u00fan Ayurveda, los desequilibrios en el cabello pueden indicar que algo est\u00e1 desequilibrado en el cuerpo.<\/p>\r\n\r\n\r\n\r\n<p><strong>Vata dosha<\/strong><\/p>\r\n\r\n\r\n\r\n<p>Desequilibrio del cabello Vata (seco, encrespado, rebelde, propenso a las puntas abiertas) Lo que est\u00e1 diciendo: <strong><em>\u201c\u00a1Ayuda! \u00a1Estoy estresado y necesito alimento!\u201d<\/em><\/strong><\/p>\r\n\r\n\r\n\r\n<p><strong>Pitta dosha<\/strong><\/p>\r\n\r\n\r\n\r\n<p>Desequilibrio del cabello Pitta (adelgazamiento, sobrecalentamiento, envejecimiento prematuro) Lo que est\u00e1 diciendo: <strong><em>&#8220;\u00a1Hay demasiado calor interno!&#8221;<\/em><\/strong><\/p>\r\n\r\n\r\n\r\n<p><strong>Kapha dosha<\/strong><\/p>\r\n\r\n\r\n\r\n<p>Desequilibrio del cabello Kapha (grueso, pesado, opaco, graso) Lo que est\u00e1 diciendo: <strong><em>&#8220;\u00a1No hay suficiente poder de fuego digestivo!&#8221;<\/em><\/strong><\/p>\r\n\r\n\r\n\r\n<h2 class=\"wp-block-heading\">Fushi, cuidado del cabello<\/h2>\r\n\r\n\r\n\r\n<p>El invierno es un buen momento para unos cuidados extra para tu cabello, preparando un plan de acci\u00f3n integral que incluye productos efectivos y suplementos nutricionales que restablezcan el equilibrio por dentro y por fuera.\u00a0<\/p>\r\n\r\n\r\n\r\n<p>La marca brit\u00e1nica <strong>Fushi,<\/strong> que basa sus formulas en recetas ancestrales de la medicina Ayurveda propone un tratamiento denominado <strong>Really Good Hair Oil.<\/strong>\u00a0<\/p>\r\n\r\n\r\n\n        <div class=\"p2w col-xs-offset-2 col-xs-8 col-sm-offset-0 col-sm-6\">\n            <div class=\"PrestashopProduct\">\n                <div class=\"PrestashopLogo\"><\/div>\n                <div class=\"PrestashopImage\"><a class=\"prestashop2wordpress_link\" href=\"https:\/\/maikaionline.com\/es\/acondicionador\/493-fushi-aceite-trataminto-capilar.html\"><img decoding=\"async\" class=\"alignnone size-full prestashop2wordpress_image\" src=\"https:\/\/maikaionline.com\/944-home_default\/fushi-aceite-trataminto-capilar.jpg\" \/><\/a><\/div>\n                <div class=\"PrestashopName\">Fushi Really Good Hair Oil Aceite Capilar Ayurvedico<\/div>\n                \n                <div class=\"PrestashopPrice\">18,96\u00a0\u20ac<\/div>\n                <div class=\"PrestashopButton \"><a class=\"prestashop2wordpress_link\" href=\"https:\/\/maikaionline.com\/es\/acondicionador\/493-fushi-aceite-trataminto-capilar.html\">Comprar<\/a><\/div>\n            <\/div>\n        <\/div>\n    \n        <div class=\"p2w col-xs-offset-2 col-xs-8 col-sm-offset-0 col-sm-6\">\n            <div class=\"PrestashopProduct\">\n                <div class=\"PrestashopLogo\"><\/div>\n                <div class=\"PrestashopImage\"><\/div>\n                <div class=\"PrestashopName\"><\/div>\n                \n                <div class=\"PrestashopPrice\"><\/div>\n                <div class=\"PrestashopButton \"><\/div>\n            <\/div>\n        <\/div>\n    \n\r\n\r\n\r\n<p>Este <strong>aceite capilar<\/strong> est\u00e1 compuesto por una mezcla equilibrada de aceites de argan, coco, aguacate y almendra dulce que fortalecen, hidratan, nutren y reparan el cabello.\u00a0<\/p>\r\n\r\n\r\n\r\n<p>El aceite de arg\u00e1n, el mas predominante en la mezcla, funciona como acondicionador del cabello, suaviza y a\u00f1ade brillo. Su mayor secreto es que estimula la circulaci\u00f3n sangu\u00ednea en el cuero cabelludo. Esto a su vez ayuda con la ca\u00edda y el crecimiento del cabello.<\/p>\r\n\r\n\r\n\r\n<p>Al mismo tiempo que hidrata, mantiene el cabello joven con su efecto antioxidante. Repara la elasticidad de los fol\u00edculos pilosos, dej\u00e1ndolos suaves al tacto.<\/p>\r\n\r\n\r\n\r\n<p><strong>Really Good Hair Oil de Fushi<\/strong> contiene adem\u00e1s Brahmi, una hierba ayurv\u00e9dica rica en antioxidantes que nutre las ra\u00edces y Neem, otra hierba, que es especialmente beneficiosa para los cabellos finos.\u00a0<\/p>\r\n\r\n\r\n\r\n<p>Puedes crear un ritual, calentado ligeramente el aceite a ba\u00f1o maria. Masajea el aceite en tu cuero cabelludo y luego envuelve tu cabello con una toalla durante al menos media hora. Lava el aceite con un champ\u00fa suave sin sulfatos.\u00a0<\/p>\r\n\r\n\r\n\r\n<p>Para un tratamiento mas intenso puedes dejarlo actuar durante toda la noche, lo que le permitir\u00e1 nutrir y reparar. Lava a la ma\u00f1ana siguiente y tu cabello se sentir\u00e1 m\u00e1s suave y m\u00e1s acondicionado que nunca.\u00a0<\/p>\r\n\r\n\r\n\r\n<p>\u00bfTe animas a probar el <strong><a href=\"https:\/\/maikaionline.com\/packs\/690-pack-cuidado-del-cabello-ayurveda.html\">pack ayurv\u00e9dico<\/a><\/strong> de cuidado integral del cabello de Fushi?<\/p>\r\n\r\n\r\n\n        <div class=\"p2w col-xs-offset-2 col-xs-8 col-sm-offset-0 col-sm-6\">\n            <div class=\"PrestashopProduct\">\n                <div class=\"PrestashopLogo\"><\/div>\n                <div class=\"PrestashopImage\"><a class=\"prestashop2wordpress_link\" href=\"https:\/\/maikaionline.com\/es\/packs\/690-pack-cuidado-del-cabello-ayurveda.html\"><img decoding=\"async\" class=\"alignnone size-full prestashop2wordpress_image\" src=\"https:\/\/maikaionline.com\/2252-home_default\/pack-cuidado-del-cabello-ayurveda.jpg\" \/><\/a><\/div>\n                <div class=\"PrestashopName\">Pack Cuidado del Cabello Ayurveda<\/div>\n                \n                <div class=\"PrestashopPrice\">47,95\u00a0\u20ac<\/div>\n                <div class=\"PrestashopButton \"><a class=\"prestashop2wordpress_link\" href=\"https:\/\/maikaionline.com\/es\/packs\/690-pack-cuidado-del-cabello-ayurveda.html\">Comprar<\/a><\/div>\n            <\/div>\n        <\/div>\n    \n        <div class=\"p2w col-xs-offset-2 col-xs-8 col-sm-offset-0 col-sm-6\">\n            <div class=\"PrestashopProduct\">\n                <div class=\"PrestashopLogo\"><\/div>\n                <div class=\"PrestashopImage\"><\/div>\n                <div class=\"PrestashopName\"><\/div>\n                \n                <div class=\"PrestashopPrice\"><\/div>\n                <div class=\"PrestashopButton \"><\/div>\n            <\/div>\n        <\/div>\n    \n\r\n\r\n\r\n<p>Para reforzar tu cabello desde dentro es importante optar por una dieta equilibrada que incluya alimentos ricos en antioxidantes, vitaminas A y C, Biotina y minerales esenciales como zinc, selenio y cobre.\u00a0<\/p>\r\n\r\n\r\n\r\n<p>Si decides a\u00f1adir un suplemento para nutrir, fortalecer y revitalizar tu cabello, la <strong>marca danesa Puori<\/strong> propone su formula <strong>V Multivitamins &amp; Minerals<\/strong> que contiene <strong>13 Vitaminas y 9 Minerales<\/strong> de alto rendimiento, basada en ingredientes naturales, veganos y de r\u00e1pida absorci\u00f3n.\u00a0<\/p>\r\n\r\n\r\n\r\n<p>Este suplemento todo terreno beneficia el cabello, la piel y las u\u00f1as.\u00a0<\/p>\r\n\r\n\r\n\r\n<p>\u00bfPorque <strong>Multivitaminas &amp; Minerales de Puori<\/strong> funciona?<\/p>\r\n\r\n\r\n\r\n<p>La vitamina A, las vitaminas B2 y B3, la biotina, el zinc y el yodo ayudan al mantenimiento de una piel radiante. El cobre contribuye a una pigmentaci\u00f3n normal de la piel.\u00a0<\/p>\r\n\r\n\r\n\r\n<p>La vitamina C es esencial para la formaci\u00f3n de col\u00e1geno, que es importante para la elasticidad de la piel y el cabello.\u00a0<\/p>\r\n\r\n\r\n\r\n<p>La biotina, el zinc y el selenio contribuyen al mantenimiento optimo del cabello. El cobre influye a la pigmentaci\u00f3n normal del cabello. El zinc y el selenio tambi\u00e9n ayudan a mantener las u\u00f1as fuertes.<\/p>\r\n\r\n\r\n\r\n<p>Todas las vitaminas y minerales de esta formula se seleccionan cuidadosamente en formas altamente absorbibles para obtener los mejores resultados y adem\u00e1s son aptas para veganos.<\/p>\r\n\r\n\r\n\n        <div class=\"p2w col-xs-offset-2 col-xs-8 col-sm-offset-0 col-sm-6\">\n            <div class=\"PrestashopProduct\">\n                <div class=\"PrestashopLogo\"><\/div>\n                <div class=\"PrestashopImage\"><a class=\"prestashop2wordpress_link\" href=\"https:\/\/maikaionline.com\/es\/estress\/702-puori-multivitaminas-y-minerales-aptos-para-veganos.html\"><img decoding=\"async\" class=\"alignnone size-full prestashop2wordpress_image\" src=\"https:\/\/maikaionline.com\/2327-home_default\/puori-multivitaminas-y-minerales-aptos-para-veganos.jpg\" \/><\/a><\/div>\n                <div class=\"PrestashopName\">Puori V Multivitaminas y Minerales apto para Veganos, 60 c\u00e1psulas<\/div>\n                \n                <div class=\"PrestashopPrice\">32,99\u00a0\u20ac<\/div>\n                <div class=\"PrestashopButton \"><a class=\"prestashop2wordpress_link\" href=\"https:\/\/maikaionline.com\/es\/estress\/702-puori-multivitaminas-y-minerales-aptos-para-veganos.html\">Comprar<\/a><\/div>\n            <\/div>\n        <\/div>\n    \n        <div class=\"p2w col-xs-offset-2 col-xs-8 col-sm-offset-0 col-sm-6\">\n            <div class=\"PrestashopProduct\">\n                <div class=\"PrestashopLogo\"><\/div>\n                <div class=\"PrestashopImage\"><\/div>\n                <div class=\"PrestashopName\"><\/div>\n                \n                <div class=\"PrestashopPrice\"><\/div>\n                <div class=\"PrestashopButton \"><\/div>\n            <\/div>\n        <\/div>\n    \n\r\n\r\n\r\n<p>Descubre mas productos de <strong>Puori <a href=\"https:\/\/maikaionline.com\/marca\/12-fushi\">aqu\u00ed<\/a><\/strong>.<\/p>\r\n","protected":false},"excerpt":{"rendered":"<p>Hay muchos tipos de cabello y todos queremos lo mejor para el nuestro. Despu\u00e9s de todo, el cabello es a menudo uno de los aspectos m\u00e1s destacados de la apariencia f\u00edsica de una persona, probablemente solo superado por la cara. Y dada la opci\u00f3n, \u00bfqui\u00e9n de nosotros no querr\u00eda un cabello sano y brillante para&#8230;<\/p>\n","protected":false},"author":3,"featured_media":2042,"comment_status":"open","ping_status":"closed","sticky":false,"template":"","format":"standard","meta":{"wprm-recipe-roundup-name":"","wprm-recipe-roundup-description":"","footnotes":""},"categories":[2,6,68,64,81,14,4],"tags":[],"yoast_head":"<!-- This site is optimized with the Yoast SEO plugin v22.6 - https:\/\/yoast.com\/wordpress\/plugins\/seo\/ -->\n<title>Qu\u00e9 te dice tu cabello seg\u00fan Ayurveda | Maikai Magazine<\/title>\n<meta name=\"description\" content=\"Seg\u00fan el Ayurveda, la salud del cabello comienza con los alimentos que comemos y depende en gran medida de nuestra fuerza digestiva.\" \/>\n<meta name=\"robots\" content=\"index, follow, max-snippet:-1, max-image-preview:large, max-video-preview:-1\" \/>\n<link rel=\"canonical\" href=\"https:\/\/maikaionline.com\/blog\/es\/que-te-dice-tu-cabello-segun-ayurveda\/\" \/>\n<meta name=\"twitter:label1\" content=\"Escrito por\" \/>\n\t<meta name=\"twitter:data1\" content=\"Equipo Maikai\" \/>\n\t<meta name=\"twitter:label2\" content=\"Tiempo de lectura\" \/>\n\t<meta name=\"twitter:data2\" content=\"4 minutos\" \/>\n<script type=\"application\/ld+json\" class=\"yoast-schema-graph\">{\"@context\":\"https:\/\/schema.org\",\"@graph\":[{\"@type\":\"WebPage\",\"@id\":\"https:\/\/maikaionline.com\/blog\/es\/que-te-dice-tu-cabello-segun-ayurveda\/\",\"url\":\"https:\/\/maikaionline.com\/blog\/es\/que-te-dice-tu-cabello-segun-ayurveda\/\",\"name\":\"Qu\u00e9 te dice tu cabello seg\u00fan Ayurveda | Maikai Magazine\",\"isPartOf\":{\"@id\":\"https:\/\/maikaionline.com\/blog\/#website\"},\"primaryImageOfPage\":{\"@id\":\"https:\/\/maikaionline.com\/blog\/es\/que-te-dice-tu-cabello-segun-ayurveda\/#primaryimage\"},\"image\":{\"@id\":\"https:\/\/maikaionline.com\/blog\/es\/que-te-dice-tu-cabello-segun-ayurveda\/#primaryimage\"},\"thumbnailUrl\":\"https:\/\/maikaionline.com\/blog\/wp-content\/uploads\/2022\/01\/salud-cabello-ayurveda.jpg\",\"datePublished\":\"2022-01-17T11:30:00+00:00\",\"dateModified\":\"2022-09-01T11:09:48+00:00\",\"author\":{\"@id\":\"https:\/\/maikaionline.com\/blog\/#\/schema\/person\/2c25b533f3be166e3caf778bbd7b1640\"},\"description\":\"Seg\u00fan el Ayurveda, la salud del cabello comienza con los alimentos que comemos y depende en gran medida de nuestra fuerza digestiva.\",\"breadcrumb\":{\"@id\":\"https:\/\/maikaionline.com\/blog\/es\/que-te-dice-tu-cabello-segun-ayurveda\/#breadcrumb\"},\"inLanguage\":\"es\",\"potentialAction\":[{\"@type\":\"ReadAction\",\"target\":[\"https:\/\/maikaionline.com\/blog\/es\/que-te-dice-tu-cabello-segun-ayurveda\/\"]}]},{\"@type\":\"ImageObject\",\"inLanguage\":\"es\",\"@id\":\"https:\/\/maikaionline.com\/blog\/es\/que-te-dice-tu-cabello-segun-ayurveda\/#primaryimage\",\"url\":\"https:\/\/maikaionline.com\/blog\/wp-content\/uploads\/2022\/01\/salud-cabello-ayurveda.jpg\",\"contentUrl\":\"https:\/\/maikaionline.com\/blog\/wp-content\/uploads\/2022\/01\/salud-cabello-ayurveda.jpg\",\"width\":1200,\"height\":660,\"caption\":\"cuida tu cabello segun ayurveda\"},{\"@type\":\"BreadcrumbList\",\"@id\":\"https:\/\/maikaionline.com\/blog\/es\/que-te-dice-tu-cabello-segun-ayurveda\/#breadcrumb\",\"itemListElement\":[{\"@type\":\"ListItem\",\"position\":1,\"name\":\"Portada\",\"item\":\"https:\/\/maikaionline.com\/blog\/en\/\"},{\"@type\":\"ListItem\",\"position\":2,\"name\":\"Belleza\",\"item\":\"https:\/\/maikaionline.com\/blog\/es\/categoria\/belleza\/\"},{\"@type\":\"ListItem\",\"position\":3,\"name\":\"Qu\u00e9 te dice tu cabello seg\u00fan Ayurveda\"}]},{\"@type\":\"WebSite\",\"@id\":\"https:\/\/maikaionline.com\/blog\/#website\",\"url\":\"https:\/\/maikaionline.com\/blog\/\",\"name\":\"Maika\u00b4i \u00ae Magazine\",\"description\":\"Noticias y contenido \u00fanico, exclusivo e importante sobre belleza, nutrici\u00f3n y fitness\",\"potentialAction\":[{\"@type\":\"SearchAction\",\"target\":{\"@type\":\"EntryPoint\",\"urlTemplate\":\"https:\/\/maikaionline.com\/blog\/?s={search_term_string}\"},\"query-input\":\"required name=search_term_string\"}],\"inLanguage\":\"es\"},{\"@type\":\"Person\",\"@id\":\"https:\/\/maikaionline.com\/blog\/#\/schema\/person\/2c25b533f3be166e3caf778bbd7b1640\",\"name\":\"Equipo Maikai\",\"url\":\"https:\/\/maikaionline.com\/blog\/author\/luba\/\"}]}<\/script>\n<!-- \/ Yoast SEO plugin. -->","yoast_head_json":{"title":"Qu\u00e9 te dice tu cabello seg\u00fan Ayurveda | Maikai Magazine","description":"Seg\u00fan el Ayurveda, la salud del cabello comienza con los alimentos que comemos y depende en gran medida de nuestra fuerza digestiva.","robots":{"index":"index","follow":"follow","max-snippet":"max-snippet:-1","max-image-preview":"max-image-preview:large","max-video-preview":"max-video-preview:-1"},"canonical":"https:\/\/maikaionline.com\/blog\/es\/que-te-dice-tu-cabello-segun-ayurveda\/","twitter_misc":{"Escrito por":"Equipo Maikai","Tiempo de lectura":"4 minutos"},"schema":{"@context":"https:\/\/schema.org","@graph":[{"@type":"WebPage","@id":"https:\/\/maikaionline.com\/blog\/es\/que-te-dice-tu-cabello-segun-ayurveda\/","url":"https:\/\/maikaionline.com\/blog\/es\/que-te-dice-tu-cabello-segun-ayurveda\/","name":"Qu\u00e9 te dice tu cabello seg\u00fan Ayurveda | Maikai Magazine","isPartOf":{"@id":"https:\/\/maikaionline.com\/blog\/#website"},"primaryImageOfPage":{"@id":"https:\/\/maikaionline.com\/blog\/es\/que-te-dice-tu-cabello-segun-ayurveda\/#primaryimage"},"image":{"@id":"https:\/\/maikaionline.com\/blog\/es\/que-te-dice-tu-cabello-segun-ayurveda\/#primaryimage"},"thumbnailUrl":"https:\/\/maikaionline.com\/blog\/wp-content\/uploads\/2022\/01\/salud-cabello-ayurveda.jpg","datePublished":"2022-01-17T11:30:00+00:00","dateModified":"2022-09-01T11:09:48+00:00","author":{"@id":"https:\/\/maikaionline.com\/blog\/#\/schema\/person\/2c25b533f3be166e3caf778bbd7b1640"},"description":"Seg\u00fan el Ayurveda, la salud del cabello comienza con los alimentos que comemos y depende en gran medida de nuestra fuerza digestiva.","breadcrumb":{"@id":"https:\/\/maikaionline.com\/blog\/es\/que-te-dice-tu-cabello-segun-ayurveda\/#breadcrumb"},"inLanguage":"es","potentialAction":[{"@type":"ReadAction","target":["https:\/\/maikaionline.com\/blog\/es\/que-te-dice-tu-cabello-segun-ayurveda\/"]}]},{"@type":"ImageObject","inLanguage":"es","@id":"https:\/\/maikaionline.com\/blog\/es\/que-te-dice-tu-cabello-segun-ayurveda\/#primaryimage","url":"https:\/\/maikaionline.com\/blog\/wp-content\/uploads\/2022\/01\/salud-cabello-ayurveda.jpg","contentUrl":"https:\/\/maikaionline.com\/blog\/wp-content\/uploads\/2022\/01\/salud-cabello-ayurveda.jpg","width":1200,"height":660,"caption":"cuida tu cabello segun ayurveda"},{"@type":"BreadcrumbList","@id":"https:\/\/maikaionline.com\/blog\/es\/que-te-dice-tu-cabello-segun-ayurveda\/#breadcrumb","itemListElement":[{"@type":"ListItem","position":1,"name":"Portada","item":"https:\/\/maikaionline.com\/blog\/en\/"},{"@type":"ListItem","position":2,"name":"Belleza","item":"https:\/\/maikaionline.com\/blog\/es\/categoria\/belleza\/"},{"@type":"ListItem","position":3,"name":"Qu\u00e9 te dice tu cabello seg\u00fan Ayurveda"}]},{"@type":"WebSite","@id":"https:\/\/maikaionline.com\/blog\/#website","url":"https:\/\/maikaionline.com\/blog\/","name":"Maika\u00b4i \u00ae Magazine","description":"Noticias y contenido \u00fanico, exclusivo e importante sobre belleza, nutrici\u00f3n y fitness","potentialAction":[{"@type":"SearchAction","target":{"@type":"EntryPoint","urlTemplate":"https:\/\/maikaionline.com\/blog\/?s={search_term_string}"},"query-input":"required name=search_term_string"}],"inLanguage":"es"},{"@type":"Person","@id":"https:\/\/maikaionline.com\/blog\/#\/schema\/person\/2c25b533f3be166e3caf778bbd7b1640","name":"Equipo Maikai","url":"https:\/\/maikaionline.com\/blog\/author\/luba\/"}]}},"_links":{"self":[{"href":"https:\/\/maikaionline.com\/blog\/wp-json\/wp\/v2\/posts\/1683"}],"collection":[{"href":"https:\/\/maikaionline.com\/blog\/wp-json\/wp\/v2\/posts"}],"about":[{"href":"https:\/\/maikaionline.com\/blog\/wp-json\/wp\/v2\/types\/post"}],"author":[{"embeddable":true,"href":"https:\/\/maikaionline.com\/blog\/wp-json\/wp\/v2\/users\/3"}],"replies":[{"embeddable":true,"href":"https:\/\/maikaionline.com\/blog\/wp-json\/wp\/v2\/comments?post=1683"}],"version-history":[{"count":21,"href":"https:\/\/maikaionline.com\/blog\/wp-json\/wp\/v2\/posts\/1683\/revisions"}],"predecessor-version":[{"id":2464,"href":"https:\/\/maikaionline.com\/blog\/wp-json\/wp\/v2\/posts\/1683\/revisions\/2464"}],"wp:featuredmedia":[{"embeddable":true,"href":"https:\/\/maikaionline.com\/blog\/wp-json\/wp\/v2\/media\/2042"}],"wp:attachment":[{"href":"https:\/\/maikaionline.com\/blog\/wp-json\/wp\/v2\/media?parent=1683"}],"wp:term":[{"taxonomy":"category","embeddable":true,"href":"https:\/\/maikaionline.com\/blog\/wp-json\/wp\/v2\/categories?post=1683"},{"taxonomy":"post_tag","embeddable":true,"href":"https:\/\/maikaionline.com\/blog\/wp-json\/wp\/v2\/tags?post=1683"}],"curies":[{"name":"wp","href":"https:\/\/api.w.org\/{rel}","templated":true}]}}